{"id":818,"date":"2025-07-15T16:04:19","date_gmt":"2025-07-15T16:04:19","guid":{"rendered":"https:\/\/www.top-metropoljournal.de\/?p=818"},"modified":"2025-07-15T16:45:26","modified_gmt":"2025-07-15T16:45:26","slug":"heidelberger-boxer-emanuel-odiase-kaempft-um-die-deutsche-meisterschaft","status":"publish","type":"post","link":"https:\/\/www.top-metropoljournal.de\/index.php\/2025\/07\/15\/heidelberger-boxer-emanuel-odiase-kaempft-um-die-deutsche-meisterschaft\/","title":{"rendered":"Heidelberger Boxer Emanuel Odiase k\u00e4mpft um die Deutsche Meisterschaft"},"content":{"rendered":"<p>[et_pb_section fb_built=&#8221;1&#8243; _builder_version=&#8221;4.27.4&#8243; _module_preset=&#8221;default&#8221; custom_padding=&#8221;12px||3px|||&#8221; hover_enabled=&#8221;0&#8243; global_colors_info=&#8221;{}&#8221; background_color=&#8221;RGBA(255,255,255,0)&#8221; sticky_enabled=&#8221;0&#8243;][et_pb_row column_structure=&#8221;2_5,3_5&#8243; _builder_version=&#8221;4.27.4&#8243; _module_preset=&#8221;default&#8221; global_colors_info=&#8221;{}&#8221;][et_pb_column type=&#8221;2_5&#8243; _builder_version=&#8221;4.27.4&#8243; _module_preset=&#8221;default&#8221; global_colors_info=&#8221;{}&#8221;][et_pb_image src=&#8221;https:\/\/www.top-metropoljournal.de\/wp-content\/uploads\/2025\/07\/Heidelberger_Boxer-Emanuel-Odiase.jpg&#8221; title_text=&#8221;Heidelberger_Boxer-Emanuel-Odiase&#8221; _builder_version=&#8221;4.27.4&#8243; _module_preset=&#8221;default&#8221; hover_enabled=&#8221;0&#8243; global_colors_info=&#8221;{}&#8221; sticky_enabled=&#8221;0&#8243;][\/et_pb_image][\/et_pb_column][et_pb_column type=&#8221;3_5&#8243; _builder_version=&#8221;4.27.4&#8243; _module_preset=&#8221;default&#8221; global_colors_info=&#8221;{}&#8221;][et_pb_post_title meta=&#8221;off&#8221; featured_image=&#8221;off&#8221; _builder_version=&#8221;4.27.4&#8243; title_font=&#8221;Montserrat|700|||||||&#8221; title_font_size=&#8221;64px&#8221; title_line_height=&#8221;1.2em&#8221; title_font_size_tablet=&#8221;50px&#8221; title_font_size_phone=&#8221;24px&#8221; title_font_size_last_edited=&#8221;on|desktop&#8221; locked=&#8221;off&#8221; global_colors_info=&#8221;{}&#8221;][\/et_pb_post_title][et_pb_post_title title=&#8221;off&#8221; author=&#8221;off&#8221; comments=&#8221;off&#8221; featured_image=&#8221;off&#8221; _builder_version=&#8221;4.27.4&#8243; meta_font=&#8221;|700||on|||||&#8221; meta_text_color=&#8221;#EF8E61&#8243; meta_font_size=&#8221;12px&#8221; meta_letter_spacing=&#8221;1px&#8221; locked=&#8221;off&#8221; global_colors_info=&#8221;{}&#8221;][\/et_pb_post_title][et_pb_text _builder_version=&#8221;4.27.4&#8243; text_line_height=&#8221;1.8em&#8221; max_width=&#8221;600px&#8221; module_alignment=&#8221;center&#8221; hover_enabled=&#8221;0&#8243; text_text_align=&#8221;justify&#8221; locked=&#8221;off&#8221; global_colors_info=&#8221;{}&#8221; sticky_enabled=&#8221;0&#8243;]Box-Spektakel am 19. Juli 2025<br \/>\nim SNP Dome mit Stars, Show und Charity<\/p>\n<p>Fotos: Ringside\u00a0Zone<\/p>\n<p>Am 19. Juli verwandelt sich der Heidelberger SNP Dome in eine Arena f\u00fcr ein au\u00dfergew\u00f6hnliches Box-Event. Im Mittelpunkt steht Lokalmatador Emanuel Odiase, der in seiner Heimatstadt um den Titel des Deutschen Meisters k\u00e4mpft. Veranstalter und Sportler versprechen einen unvergesslichen Abend mit hochklassigem Boxsport, prominenten G\u00e4sten und einem vielf\u00e4ltigen Rahmenprogramm. Unterst\u00fctzt wird das Event von den Charity-Organisationen \u201eAnpfiff ins Leben\u201c und der Klitschko Foundation.[\/et_pb_text][\/et_pb_column][\/et_pb_row][\/et_pb_section][et_pb_section fb_built=&#8221;1&#8243; _builder_version=&#8221;4.27.4&#8243; custom_padding=&#8221;9px|||||&#8221; hover_enabled=&#8221;0&#8243; global_colors_info=&#8221;{}&#8221; background_color=&#8221;RGBA(255,255,255,0)&#8221; sticky_enabled=&#8221;0&#8243;][et_pb_row column_structure=&#8221;1_2,1_2&#8243; _builder_version=&#8221;4.16&#8243; background_size=&#8221;initial&#8221; background_position=&#8221;top_left&#8221; background_repeat=&#8221;repeat&#8221; global_colors_info=&#8221;{}&#8221;][et_pb_column type=&#8221;1_2&#8243; _builder_version=&#8221;4.16&#8243; custom_padding=&#8221;|||&#8221; global_colors_info=&#8221;{}&#8221; custom_padding__hover=&#8221;|||&#8221;][et_pb_text _builder_version=&#8221;4.27.4&#8243; _module_preset=&#8221;default&#8221; header_2_font=&#8221;&#8211;et_global_body_font|700|||||||&#8221; header_2_font_size=&#8221;16px&#8221; header_2_line_height=&#8221;1.4em&#8221; header_3_font=&#8221;&#8211;et_global_body_font|700|||||||&#8221; header_3_font_size=&#8221;14px&#8221; header_3_line_height=&#8221;1.3em&#8221; hover_enabled=&#8221;0&#8243; global_colors_info=&#8221;{}&#8221; sticky_enabled=&#8221;0&#8243;]<\/p>\n<h2>Pressekonferenz mit starken Statements<\/h2>\n<p>Im Vorfeld trafen sich die Organisatoren, Sponsoren und Athleten zur Pressekonferenz im Heidelberger Szene-Restaurant 959. Dabei gaben sie einen ersten Einblick in das ambitionierte Konzept f\u00fcr den Kampfabend. Insgesamt sind sechs K\u00e4mpfe geplant \u2013 sportlicher H\u00f6hepunkt ist das Duell um den Deutschen Meistertitel mit Emanuel Odiase.<\/p>\n<h2>Entertainment trifft Spitzensport<\/h2>\n<p>Veranstalter Florian Winter, Gesch\u00e4ftsf\u00fchrer der Ringside Zone, setzt auf mehr als nur Boxk\u00e4mpfe: \u201eJeder Fight wird von einem Entertainment-Block eingeleitet. Mit Acts wie Shindy, Ardian Bujupi und dem US-K\u00fcnstler NoMBe \u2013 dem Patensohn von Chaka Khan \u2013 bieten wir ein Erlebnis, das Sport und Show auf einzigartige Weise verbindet. Wir bringen frische Ideen ein und heben uns damit deutlich vom Wettbewerb ab.\u201c<\/p>\n<h2>Ein Heimspiel mit gro\u00dfer Bedeutung<\/h2>\n<p>F\u00fcr Emanuel Odiase ist der Kampf um den Titel ein Meilenstein \u2013 emotional und sportlich:<\/p>\n<p>\u201eMein erster Profikampf um einen Titel \u2013 und das in meiner Heimatstadt. Mit meiner eigenen Promotion, meinem Bruder Dominique und Florian Winter an meiner Seite f\u00fchlt sich das wie Schicksal an. Das ist die Chance, das deutsche Boxen neu zu definieren\u201c, erkl\u00e4rt Odiase.<\/p>\n<p>[\/et_pb_text][\/et_pb_column][et_pb_column type=&#8221;1_2&#8243; _builder_version=&#8221;4.16&#8243; custom_padding=&#8221;|||&#8221; global_colors_info=&#8221;{}&#8221; custom_padding__hover=&#8221;|||&#8221;][et_pb_image src=&#8221;https:\/\/www.top-metropoljournal.de\/wp-content\/uploads\/2025\/07\/Boxer.jpg&#8221; _builder_version=&#8221;4.27.4&#8243; _module_preset=&#8221;default&#8221; title_text=&#8221;Boxer&#8221; hover_enabled=&#8221;0&#8243; sticky_enabled=&#8221;0&#8243;][\/et_pb_image][et_pb_text _builder_version=&#8221;4.27.4&#8243; _module_preset=&#8221;default&#8221; hover_enabled=&#8221;0&#8243; sticky_enabled=&#8221;0&#8243;]Simon Zachenhuber<br \/>\nNelvie Tiafack[\/et_pb_text][\/et_pb_column][\/et_pb_row][et_pb_row column_structure=&#8221;1_2,1_2&#8243; _builder_version=&#8221;4.16&#8243; background_size=&#8221;initial&#8221; background_position=&#8221;top_left&#8221; background_repeat=&#8221;repeat&#8221; global_colors_info=&#8221;{}&#8221;][et_pb_column type=&#8221;1_2&#8243; _builder_version=&#8221;4.16&#8243; custom_padding=&#8221;|||&#8221; global_colors_info=&#8221;{}&#8221; custom_padding__hover=&#8221;|||&#8221;][et_pb_image src=&#8221;https:\/\/www.top-metropoljournal.de\/wp-content\/uploads\/2025\/07\/Omarah_Taylor.png&#8221; _builder_version=&#8221;4.27.4&#8243; _module_preset=&#8221;default&#8221; title_text=&#8221;Omarah_Taylor&#8221; hover_enabled=&#8221;0&#8243; sticky_enabled=&#8221;0&#8243; custom_margin=&#8221;||11px|||&#8221;][\/et_pb_image][et_pb_text _builder_version=&#8221;4.27.4&#8243; _module_preset=&#8221;default&#8221; hover_enabled=&#8221;0&#8243; sticky_enabled=&#8221;0&#8243;]<\/p>\n<p>Omarah Taylor<\/p>\n<p>[\/et_pb_text][\/et_pb_column][et_pb_column type=&#8221;1_2&#8243; _builder_version=&#8221;4.16&#8243; custom_padding=&#8221;|||&#8221; global_colors_info=&#8221;{}&#8221; custom_padding__hover=&#8221;|||&#8221;][et_pb_text _builder_version=&#8221;4.27.4&#8243; _module_preset=&#8221;default&#8221; header_2_font=&#8221;&#8211;et_global_body_font|700|||||||&#8221; header_2_font_size=&#8221;16px&#8221; header_2_line_height=&#8221;1.4em&#8221; header_3_font=&#8221;&#8211;et_global_body_font|700|||||||&#8221; header_3_font_size=&#8221;14px&#8221; header_3_line_height=&#8221;1.3em&#8221; hover_enabled=&#8221;0&#8243; global_colors_info=&#8221;{}&#8221; sticky_enabled=&#8221;0&#8243;]<\/p>\n<h2>Prominente Moderation und gro\u00dfe Ambitionen<\/h2>\n<p>Durch den Abend f\u00fchrt Moderator Kai Ebel. Ziel der Veranstalter ist es, Heidelberg nicht nur als Sportstadt zu positionieren, sondern als neue B\u00fchne f\u00fcr spektakul\u00e4ren Boxsport in Deutschland. Der 19. Juli verspricht ein Event der Extraklasse \u2013 mit Spannung im Ring, Stars auf der B\u00fchne und einem starken sozialen Engagement.<\/p>\n<p>[\/et_pb_text][\/et_pb_column][\/et_pb_row][\/et_pb_section][et_pb_section fb_built=&#8221;1&#8243; admin_label=&#8221;Related Articles&#8221; _builder_version=&#8221;4.27.4&#8243; hover_enabled=&#8221;0&#8243; locked=&#8221;off&#8221; global_colors_info=&#8221;{}&#8221; background_color=&#8221;RGBA(255,255,255,0)&#8221; sticky_enabled=&#8221;0&#8243;][et_pb_row _builder_version=&#8221;4.16&#8243; global_colors_info=&#8221;{}&#8221;][et_pb_column type=&#8221;4_4&#8243; _builder_version=&#8221;4.16&#8243; global_colors_info=&#8221;{}&#8221;][et_pb_text _builder_version=&#8221;4.27.4&#8243; header_2_font=&#8221;Montserrat|700|||||||&#8221; header_2_font_size=&#8221;70px&#8221; header_2_line_height=&#8221;1.2em&#8221; max_width=&#8221;750px&#8221; header_2_font_size_tablet=&#8221;48px&#8221; header_2_font_size_phone=&#8221;36px&#8221; header_2_font_size_last_edited=&#8221;on|desktop&#8221; locked=&#8221;off&#8221; global_colors_info=&#8221;{}&#8221;]<\/p>\n<h2>Mehr Artikel<\/h2>\n<p>[\/et_pb_text][et_pb_text _builder_version=&#8221;4.27.4&#8243; text_font=&#8221;Cardo|700|||||||&#8221; text_text_color=&#8221;rgba(0,0,0,0.06)&#8221; text_font_size=&#8221;120px&#8221; text_line_height=&#8221;1.2em&#8221; custom_margin=&#8221;-120px|||-120px|false|false&#8221; custom_margin_tablet=&#8221;-90px|||-60px|false|false&#8221; custom_margin_phone=&#8221;-70px|||-40px|false|false&#8221; custom_margin_last_edited=&#8221;on|desktop&#8221; text_font_size_tablet=&#8221;80px&#8221; text_font_size_phone=&#8221;60px&#8221; text_font_size_last_edited=&#8221;on|desktop&#8221; locked=&#8221;off&#8221; global_colors_info=&#8221;{}&#8221;]<\/p>\n<p>Mehr Artikel<\/p>\n<p>[\/et_pb_text][et_pb_blog fullwidth=&#8221;off&#8221; show_thumbnail=&#8221;off&#8221; show_more=&#8221;on&#8221; show_excerpt=&#8221;off&#8221; show_pagination=&#8221;off&#8221; _builder_version=&#8221;4.27.4&#8243; header_font=&#8221;Cardo|700|||||||&#8221; header_font_size=&#8221;22px&#8221; header_line_height=&#8221;1.4em&#8221; meta_font_size=&#8221;12px&#8221; meta_line_height=&#8221;1.8em&#8221; read_more_font=&#8221;|600||on|||||&#8221; read_more_text_color=&#8221;#ff2a38&#8243; read_more_font_size=&#8221;12px&#8221; read_more_letter_spacing=&#8221;4px&#8221; read_more_line_height=&#8221;1.8em&#8221; text_orientation=&#8221;center&#8221; hover_enabled=&#8221;0&#8243; border_color_all=&#8221;#e6e6e6&#8243; global_colors_info=&#8221;{}&#8221; include_categories=&#8221;all&#8221; sticky_enabled=&#8221;0&#8243;][\/et_pb_blog][\/et_pb_column][\/et_pb_row][\/et_pb_section]<\/p>\n","protected":false},"excerpt":{"rendered":"<p>Box-Spektakel am 19. Juli 2025 im SNP Dome mit Stars, Show und Charity Fotos: Ringside\u00a0Zone Am 19. Juli verwandelt sich der Heidelberger SNP Dome in eine Arena f\u00fcr ein au\u00dfergew\u00f6hnliches Box-Event. Im Mittelpunkt steht Lokalmatador Emanuel Odiase, der in seiner Heimatstadt um den Titel des Deutschen Meisters k\u00e4mpft. Veranstalter und Sportler versprechen einen unvergesslichen Abend [&hellip;]<\/p>\n","protected":false},"author":1,"featured_media":830,"comment_status":"open","ping_status":"open","sticky":false,"template":"","format":"standard","meta":{"_et_pb_use_builder":"on","_et_pb_old_content":"","_et_gb_content_width":"2880","inline_featured_image":false,"footnotes":""},"categories":[182,3],"tags":[],"class_list":["post-818","post","type-post","status-publish","format-standard","has-post-thumbnail","hentry","category-events","category-heidelberg"],"_links":{"self":[{"href":"https:\/\/www.top-metropoljournal.de\/index.php\/wp-json\/wp\/v2\/posts\/818","targetHints":{"allow":["GET"]}}],"collection":[{"href":"https:\/\/www.top-metropoljournal.de\/index.php\/wp-json\/wp\/v2\/posts"}],"about":[{"href":"https:\/\/www.top-metropoljournal.de\/index.php\/wp-json\/wp\/v2\/types\/post"}],"author":[{"embeddable":true,"href":"https:\/\/www.top-metropoljournal.de\/index.php\/wp-json\/wp\/v2\/users\/1"}],"replies":[{"embeddable":true,"href":"https:\/\/www.top-metropoljournal.de\/index.php\/wp-json\/wp\/v2\/comments?post=818"}],"version-history":[{"count":7,"href":"https:\/\/www.top-metropoljournal.de\/index.php\/wp-json\/wp\/v2\/posts\/818\/revisions"}],"predecessor-version":[{"id":834,"href":"https:\/\/www.top-metropoljournal.de\/index.php\/wp-json\/wp\/v2\/posts\/818\/revisions\/834"}],"wp:featuredmedia":[{"embeddable":true,"href":"https:\/\/www.top-metropoljournal.de\/index.php\/wp-json\/wp\/v2\/media\/830"}],"wp:attachment":[{"href":"https:\/\/www.top-metropoljournal.de\/index.php\/wp-json\/wp\/v2\/media?parent=818"}],"wp:term":[{"taxonomy":"category","embeddable":true,"href":"https:\/\/www.top-metropoljournal.de\/index.php\/wp-json\/wp\/v2\/categories?post=818"},{"taxonomy":"post_tag","embeddable":true,"href":"https:\/\/www.top-metropoljournal.de\/index.php\/wp-json\/wp\/v2\/tags?post=818"}],"curies":[{"name":"wp","href":"https:\/\/api.w.org\/{rel}","templated":true}]}}